{"id":14795,"date":"2026-09-02T09:12:48","date_gmt":"2026-09-02T08:12:48","guid":{"rendered":"https:\/\/column.emea.nl\/?p=14795"},"modified":"2026-09-02T09:12:48","modified_gmt":"2026-09-02T08:12:48","slug":"mijn-allesverwoestende-toorn","status":"publish","type":"post","link":"https:\/\/column.emea.nl\/?p=14795","title":{"rendered":"Mijn allesverwoestende toorn."},"content":{"rendered":"\n<p class=\"wp-block-paragraph\"><strong>Ezechi\u00ebl 13:1-16<\/strong><\/p>\n\n\n\n<p class=\"wp-block-paragraph\"><em>1 De HEER richtte zich tot mij: 2 \u2018Mensenkind, klaag alle profeten van Isra\u00ebl aan die het nog wagen te profeteren; zeg tegen de profeten die op eigen gezag spreken: \u201cLuister naar de woorden van de HEER! 3 Dit zegt God, de HEER: Wee de verdwaasde profeten die hun eigen ingevingen volgen zonder iets te hebben gezien! 4 Isra\u00ebl, je profeten zijn als jakhalzen die leven tussen de ru\u00efnes. 5 Ze zijn niet in de bres gesprongen voor hun volk, ze hebben er geen muur omheen gebouwd waardoor het op de dag van de HEER in de strijd zou kunnen standhouden. 6 Hun visioenen zijn bedrieglijk, hun voorspellingen zijn vals. Ze zeggen: \u2018Zo spreekt de HEER&nbsp;\u2026&nbsp;\u2019 -terwijl ze niet door de HEER gezonden zijn. En dan verwachten ze nog dat er iets van hun woorden bewaarheid wordt! 7-8 Is het niet zo-zegt God, de HEER -dat jullie visioenen bedrieglijk zijn en jullie voorspellingen vals? Jullie zeggen: \u2018Zo spreekt de HEER&nbsp;\u2026&nbsp;\u2019 -terwijl Ik niets heb gezegd! Omdat jullie woorden bedrieglijk zijn en jullie visioenen vals, keer Ik me tegen jullie-spreekt God, de HEER. 9 Ik hef mijn hand op tegen de profeten met hun bedrieglijke leugens en valse voorspellingen. Ze zullen uit de gemeenschap worden gestoten. Ze zullen niet meer ingeschreven staan in de boeken van het volk van Isra\u00ebl, en het land van mijn volk zullen ze niet meer binnengaan. Dan zullen jullie beseffen dat Ik God, de HEER, ben. 10 De profeten hebben mijn volk op een dwaalspoor gebracht toen ze zeiden dat het vrede zou blijven, en mijn volk bouwde muren die door de profeten met witkalk werden bepleisterd-maar het bleef geen vrede. 11 Zeg daarom tegen die witkalkers dat hun muur zal instorten. Als er slagregens komen, als er hagelstenen neerkletteren, als er een stormwind losbreekt 12 en de muren instorten, zal er dan niet worden gezegd: \u2018Waar is jullie pleisterwerk gebleven?\u2019 13 Daarom-dit zegt God, de HEER -Ik zal in mijn woede een stormwind laten losbreken en slagregens doen neerslaan, Ik zal hagelstenen laten neerkletteren in mijn allesverwoestende toorn. 14 Ik haal de witgepleisterde muren omver, ze zullen instorten en hun fundamenten zullen bloot komen te liggen. De stad zal in puin vallen en jullie zullen omkomen. Jullie zullen weten dat Ik de HEER ben. 15 Ik zal mijn woede koelen op de muren en op de witkalkers, Ik zeg jullie dat de muren zullen verdwijnen samen met hen die ze hebben bepleisterd: 16 de profeten van Isra\u00ebl met hun profetie\u00ebn over Jeruzalem, die visioenen hadden van vrede terwijl het geen vrede zou blijven-zo spreekt God, de HEER.\u201d (NBV21)<\/em><\/p>\n\n\n\n<p class=\"wp-block-paragraph\">Ook voor profeten geldt dat men het eerst moet zien, dat geldt zeker voor Ezechi\u00ebl. En dat zien gaat dan om een aantal zaken. Ezechi\u00ebl ziet allereerst de goden van Babel, overheerst door hun donderwolk Mardoek. Maar tegelijk ziet Ezechi\u00ebl hoe de God van Isra\u00ebl in dat verhaal past, de God van Isra\u00ebl laat zich rijden op een wagen gevormd door de goden van Babel. Die goden van Babel zijn niks van zichzelf, ze zijn onderworpen aan de God van Isra\u00ebl. Vervolgens ziet Ezechi\u00ebl het dal bij de rivier waarin de ballingen moeten wonen. Een dal van diepe duisternis is het. Maar in dat dal is de ontmoeting met de God van Isra\u00ebl mogelijk. Dan wordt ook duidelijk dat het volk een weerspannig volk is dat niet zal willen luisteren naar de waarschuwingen die een profeet zal moeten geven. Als je slecht doet loopt het slecht met je af, als je goed doet moet je oppassen je niet tot het slechte te laten verleiden.<\/p>\n\n\n\n<p class=\"wp-block-paragraph\">Als je op die manier kijkt naar je taak als profeet en de betekenis van de God van Isra\u00ebl daarin dan bouw je als het ware een muur om het volk heen waardoor het stand kan houden. Dan weet het volk dat ook in het donkerste dal de God van Isra\u00ebl hen wil steunen en uit de ellende wil leiden naar een land dat overvloeit van melk en honing, zoals een herder de kudde leidt naar grazige weiden. Je kunt de mensen wel naar de mond praten, goed praten wat ze aan onrecht doen, begrip opbrengen voor hun wensen en verlangens en dan net doen of de God van Isra\u00ebl dat ook wel goed zal vinden, maar dan zie je niet op de effecten die het volk heeft op de armen, op de minsten van het volk, op de weduwen en de wees. Dan komen voorspellingen niet uit, dan blijft het volk ronddwalen in het duister, dan schijnt daar wel een groot licht maar dan wil het volk het niet zien.<\/p>\n\n\n\n<p class=\"wp-block-paragraph\">Ezechi\u00ebl leert dat de valse profeten van zijn dagen niet ongestraft zullen blijven profeteren. Hun leugens zullen zich tegen zichzelf keren. We moeten bij het lezen van de Bijbel steeds bedenken dat als God straft dat het gevolg is van het verkeerd handelen van de gestrafte. Zoals bij ons ook dieven en moordenaars niet moeten klagen dat ze een tijd in de gevangenis moeten doorbrengen, ze hebben dat over zichzelf afgeroepen, van onrecht is geen sprake als ze inderdaad hetgeen gedaan hebben waarvoor ze zijn veroordeeld. Maar het geldt ook voor onze samenleving als geheel. Ook wij moeten leren te zien op de effecten die de inrichting van onze samenleving heeft op de armsten, op de minsten, op de zieken en gehandicapten, op de hongerenden elders in de wereld. Als we die aan hun lot overlaten zal dat lot zich tegen ons keren, dan roepen wij ellende over onszelf af. Als we durven te delen en samen te leven als samenleving dat zal het vanzelf beter gaan en komen we allemaal uit de diepste crisis die ons kan treffen. We kunnen daar elke dag opnieuw aan gaan werken, ook vandaag weer.<\/p>\n\n\n\n<p class=\"wp-block-paragraph\"><\/p>\n","protected":false},"excerpt":{"rendered":"<p>Ezechi\u00ebl 13:1-16 1 De HEER richtte zich tot mij: 2 \u2018Mensenkind, klaag alle profeten van Isra\u00ebl aan die het nog wagen te profeteren; zeg tegen de profeten die op eigen gezag spreken: \u201cLuister naar de woorden van de HEER! 3 Dit zegt God, de HEER: Wee de verdwaasde profeten die hun eigen ingevingen volgen zonder &#8230; <a title=\"Mijn allesverwoestende toorn.\" class=\"read-more\" href=\"https:\/\/column.emea.nl\/?p=14795\" aria-label=\"Lees meer over Mijn allesverwoestende toorn.\">Lees verder<\/a><\/p>\n","protected":false},"author":1,"featured_media":0,"comment_status":"open","ping_status":"open","sticky":false,"template":"","format":"standard","meta":{"footnotes":""},"categories":[1],"tags":[],"class_list":["post-14795","post","type-post","status-publish","format-standard","hentry","category-column"],"yoast_head":"<!-- This site is optimized with the Yoast SEO plugin v28.4 - https:\/\/yoast.com\/product\/yoast-seo-wordpress\/ -->\n<title>Mijn allesverwoestende toorn. - Column EMEA<\/title>\n<meta name=\"robots\" content=\"index, follow, max-snippet:-1, max-image-preview:large, max-video-preview:-1\" \/>\n<link rel=\"canonical\" href=\"https:\/\/column.emea.nl\/?p=14795\" \/>\n<meta property=\"og:locale\" content=\"nl_NL\" \/>\n<meta property=\"og:type\" content=\"article\" \/>\n<meta property=\"og:title\" content=\"Mijn allesverwoestende toorn. - Column EMEA\" \/>\n<meta property=\"og:description\" content=\"Ezechi\u00ebl 13:1-16 1 De HEER richtte zich tot mij: 2 \u2018Mensenkind, klaag alle profeten van Isra\u00ebl aan die het nog wagen te profeteren; zeg tegen de profeten die op eigen gezag spreken: \u201cLuister naar de woorden van de HEER! 3 Dit zegt God, de HEER: Wee de verdwaasde profeten die hun eigen ingevingen volgen zonder ... Lees verder\" \/>\n<meta property=\"og:url\" content=\"https:\/\/column.emea.nl\/?p=14795\" \/>\n<meta property=\"og:site_name\" content=\"Column EMEA\" \/>\n<meta property=\"article:published_time\" content=\"2026-09-02T08:12:48+00:00\" \/>\n<meta name=\"author\" content=\"redactie\" \/>\n<meta name=\"twitter:card\" content=\"summary_large_image\" \/>\n<meta name=\"twitter:label1\" content=\"Geschreven door\" \/>\n\t<meta name=\"twitter:data1\" content=\"redactie\" \/>\n\t<meta name=\"twitter:label2\" content=\"Geschatte leestijd\" \/>\n\t<meta name=\"twitter:data2\" content=\"5 minuten\" \/>\n<script type=\"application\/ld+json\" class=\"yoast-schema-graph\">{\"@context\":\"https:\\\/\\\/schema.org\",\"@graph\":[{\"@type\":\"Article\",\"@id\":\"https:\\\/\\\/column.emea.nl\\\/?p=14795#article\",\"isPartOf\":{\"@id\":\"https:\\\/\\\/column.emea.nl\\\/?p=14795\"},\"author\":{\"name\":\"redactie\",\"@id\":\"https:\\\/\\\/column.emea.nl\\\/#\\\/schema\\\/person\\\/1aff3b1a8a665b347259e66b6b2111d4\"},\"headline\":\"Mijn allesverwoestende toorn.\",\"datePublished\":\"2026-09-02T08:12:48+00:00\",\"mainEntityOfPage\":{\"@id\":\"https:\\\/\\\/column.emea.nl\\\/?p=14795\"},\"wordCount\":973,\"commentCount\":0,\"publisher\":{\"@id\":\"https:\\\/\\\/column.emea.nl\\\/#organization\"},\"articleSection\":[\"Column\"],\"inLanguage\":\"nl-NL\",\"potentialAction\":[{\"@type\":\"CommentAction\",\"name\":\"Comment\",\"target\":[\"https:\\\/\\\/column.emea.nl\\\/?p=14795#respond\"]}]},{\"@type\":\"WebPage\",\"@id\":\"https:\\\/\\\/column.emea.nl\\\/?p=14795\",\"url\":\"https:\\\/\\\/column.emea.nl\\\/?p=14795\",\"name\":\"Mijn allesverwoestende toorn. - Column EMEA\",\"isPartOf\":{\"@id\":\"https:\\\/\\\/column.emea.nl\\\/#website\"},\"datePublished\":\"2026-09-02T08:12:48+00:00\",\"breadcrumb\":{\"@id\":\"https:\\\/\\\/column.emea.nl\\\/?p=14795#breadcrumb\"},\"inLanguage\":\"nl-NL\",\"potentialAction\":[{\"@type\":\"ReadAction\",\"target\":[\"https:\\\/\\\/column.emea.nl\\\/?p=14795\"]}]},{\"@type\":\"BreadcrumbList\",\"@id\":\"https:\\\/\\\/column.emea.nl\\\/?p=14795#breadcrumb\",\"itemListElement\":[{\"@type\":\"ListItem\",\"position\":1,\"name\":\"Home\",\"item\":\"https:\\\/\\\/column.emea.nl\\\/\"},{\"@type\":\"ListItem\",\"position\":2,\"name\":\"Mijn allesverwoestende toorn.\"}]},{\"@type\":\"WebSite\",\"@id\":\"https:\\\/\\\/column.emea.nl\\\/#website\",\"url\":\"https:\\\/\\\/column.emea.nl\\\/\",\"name\":\"Column EMEA\",\"description\":\"Column\",\"publisher\":{\"@id\":\"https:\\\/\\\/column.emea.nl\\\/#organization\"},\"potentialAction\":[{\"@type\":\"SearchAction\",\"target\":{\"@type\":\"EntryPoint\",\"urlTemplate\":\"https:\\\/\\\/column.emea.nl\\\/?s={search_term_string}\"},\"query-input\":{\"@type\":\"PropertyValueSpecification\",\"valueRequired\":true,\"valueName\":\"search_term_string\"}}],\"inLanguage\":\"nl-NL\"},{\"@type\":\"Organization\",\"@id\":\"https:\\\/\\\/column.emea.nl\\\/#organization\",\"name\":\"Column EMEA\",\"url\":\"https:\\\/\\\/column.emea.nl\\\/\",\"logo\":{\"@type\":\"ImageObject\",\"inLanguage\":\"nl-NL\",\"@id\":\"https:\\\/\\\/column.emea.nl\\\/#\\\/schema\\\/logo\\\/image\\\/\",\"url\":\"https:\\\/\\\/column.emea.nl\\\/wp-content\\\/emea-column-logo.-250x82-1.webp\",\"contentUrl\":\"https:\\\/\\\/column.emea.nl\\\/wp-content\\\/emea-column-logo.-250x82-1.webp\",\"width\":250,\"height\":82,\"caption\":\"Column EMEA\"},\"image\":{\"@id\":\"https:\\\/\\\/column.emea.nl\\\/#\\\/schema\\\/logo\\\/image\\\/\"}},{\"@type\":\"Person\",\"@id\":\"https:\\\/\\\/column.emea.nl\\\/#\\\/schema\\\/person\\\/1aff3b1a8a665b347259e66b6b2111d4\",\"name\":\"redactie\",\"sameAs\":[\"http:\\\/\\\/emea.nl\"],\"url\":\"https:\\\/\\\/column.emea.nl\\\/?author=1\"}]}<\/script>\n<!-- \/ Yoast SEO plugin. -->","yoast_head_json":{"title":"Mijn allesverwoestende toorn. - Column EMEA","robots":{"index":"index","follow":"follow","max-snippet":"max-snippet:-1","max-image-preview":"max-image-preview:large","max-video-preview":"max-video-preview:-1"},"canonical":"https:\/\/column.emea.nl\/?p=14795","og_locale":"nl_NL","og_type":"article","og_title":"Mijn allesverwoestende toorn. - Column EMEA","og_description":"Ezechi\u00ebl 13:1-16 1 De HEER richtte zich tot mij: 2 \u2018Mensenkind, klaag alle profeten van Isra\u00ebl aan die het nog wagen te profeteren; zeg tegen de profeten die op eigen gezag spreken: \u201cLuister naar de woorden van de HEER! 3 Dit zegt God, de HEER: Wee de verdwaasde profeten die hun eigen ingevingen volgen zonder ... Lees verder","og_url":"https:\/\/column.emea.nl\/?p=14795","og_site_name":"Column EMEA","article_published_time":"2026-09-02T08:12:48+00:00","author":"redactie","twitter_card":"summary_large_image","twitter_misc":{"Geschreven door":"redactie","Geschatte leestijd":"5 minuten"},"schema":{"@context":"https:\/\/schema.org","@graph":[{"@type":"Article","@id":"https:\/\/column.emea.nl\/?p=14795#article","isPartOf":{"@id":"https:\/\/column.emea.nl\/?p=14795"},"author":{"name":"redactie","@id":"https:\/\/column.emea.nl\/#\/schema\/person\/1aff3b1a8a665b347259e66b6b2111d4"},"headline":"Mijn allesverwoestende toorn.","datePublished":"2026-09-02T08:12:48+00:00","mainEntityOfPage":{"@id":"https:\/\/column.emea.nl\/?p=14795"},"wordCount":973,"commentCount":0,"publisher":{"@id":"https:\/\/column.emea.nl\/#organization"},"articleSection":["Column"],"inLanguage":"nl-NL","potentialAction":[{"@type":"CommentAction","name":"Comment","target":["https:\/\/column.emea.nl\/?p=14795#respond"]}]},{"@type":"WebPage","@id":"https:\/\/column.emea.nl\/?p=14795","url":"https:\/\/column.emea.nl\/?p=14795","name":"Mijn allesverwoestende toorn. - Column EMEA","isPartOf":{"@id":"https:\/\/column.emea.nl\/#website"},"datePublished":"2026-09-02T08:12:48+00:00","breadcrumb":{"@id":"https:\/\/column.emea.nl\/?p=14795#breadcrumb"},"inLanguage":"nl-NL","potentialAction":[{"@type":"ReadAction","target":["https:\/\/column.emea.nl\/?p=14795"]}]},{"@type":"BreadcrumbList","@id":"https:\/\/column.emea.nl\/?p=14795#breadcrumb","itemListElement":[{"@type":"ListItem","position":1,"name":"Home","item":"https:\/\/column.emea.nl\/"},{"@type":"ListItem","position":2,"name":"Mijn allesverwoestende toorn."}]},{"@type":"WebSite","@id":"https:\/\/column.emea.nl\/#website","url":"https:\/\/column.emea.nl\/","name":"Column EMEA","description":"Column","publisher":{"@id":"https:\/\/column.emea.nl\/#organization"},"potentialAction":[{"@type":"SearchAction","target":{"@type":"EntryPoint","urlTemplate":"https:\/\/column.emea.nl\/?s={search_term_string}"},"query-input":{"@type":"PropertyValueSpecification","valueRequired":true,"valueName":"search_term_string"}}],"inLanguage":"nl-NL"},{"@type":"Organization","@id":"https:\/\/column.emea.nl\/#organization","name":"Column EMEA","url":"https:\/\/column.emea.nl\/","logo":{"@type":"ImageObject","inLanguage":"nl-NL","@id":"https:\/\/column.emea.nl\/#\/schema\/logo\/image\/","url":"https:\/\/column.emea.nl\/wp-content\/emea-column-logo.-250x82-1.webp","contentUrl":"https:\/\/column.emea.nl\/wp-content\/emea-column-logo.-250x82-1.webp","width":250,"height":82,"caption":"Column EMEA"},"image":{"@id":"https:\/\/column.emea.nl\/#\/schema\/logo\/image\/"}},{"@type":"Person","@id":"https:\/\/column.emea.nl\/#\/schema\/person\/1aff3b1a8a665b347259e66b6b2111d4","name":"redactie","sameAs":["http:\/\/emea.nl"],"url":"https:\/\/column.emea.nl\/?author=1"}]}},"_links":{"self":[{"href":"https:\/\/column.emea.nl\/index.php?rest_route=\/wp\/v2\/posts\/14795","targetHints":{"allow":["GET"]}}],"collection":[{"href":"https:\/\/column.emea.nl\/index.php?rest_route=\/wp\/v2\/posts"}],"about":[{"href":"https:\/\/column.emea.nl\/index.php?rest_route=\/wp\/v2\/types\/post"}],"author":[{"embeddable":true,"href":"https:\/\/column.emea.nl\/index.php?rest_route=\/wp\/v2\/users\/1"}],"replies":[{"embeddable":true,"href":"https:\/\/column.emea.nl\/index.php?rest_route=%2Fwp%2Fv2%2Fcomments&post=14795"}],"version-history":[{"count":1,"href":"https:\/\/column.emea.nl\/index.php?rest_route=\/wp\/v2\/posts\/14795\/revisions"}],"predecessor-version":[{"id":14796,"href":"https:\/\/column.emea.nl\/index.php?rest_route=\/wp\/v2\/posts\/14795\/revisions\/14796"}],"wp:attachment":[{"href":"https:\/\/column.emea.nl\/index.php?rest_route=%2Fwp%2Fv2%2Fmedia&parent=14795"}],"wp:term":[{"taxonomy":"category","embeddable":true,"href":"https:\/\/column.emea.nl\/index.php?rest_route=%2Fwp%2Fv2%2Fcategories&post=14795"},{"taxonomy":"post_tag","embeddable":true,"href":"https:\/\/column.emea.nl\/index.php?rest_route=%2Fwp%2Fv2%2Ftags&post=14795"}],"curies":[{"name":"wp","href":"https:\/\/api.w.org\/{rel}","templated":true}]}}